{"id":10304,"date":"2022-04-28T15:03:31","date_gmt":"2022-04-28T13:03:31","guid":{"rendered":"http:\/\/www.biblioteka-sp4.pl\/?p=10304"},"modified":"2022-04-28T15:06:49","modified_gmt":"2022-04-28T13:06:49","slug":"hiszpanskie-tance-z-projektem-edukacyjnym-europa-i-ja","status":"publish","type":"post","link":"http:\/\/www.biblioteka-sp4.pl\/?p=10304","title":{"rendered":"Hiszpa\u0144skie ta\u0144ce z projektem edukacyjnym ,,Europa i Ja&#8221;"},"content":{"rendered":"<p><a href=\"http:\/\/www.biblioteka-sp4.pl\/wp-content\/uploads\/2022\/04\/20220428_091115.jpg\" rel=\"lightbox[10304]\"><img decoding=\"async\" loading=\"lazy\" class=\"size-medium wp-image-10329 alignleft\" src=\"http:\/\/www.biblioteka-sp4.pl\/wp-content\/uploads\/2022\/04\/20220428_091115-300x138.jpg\" alt=\"\" width=\"300\" height=\"138\" srcset=\"http:\/\/www.biblioteka-sp4.pl\/wp-content\/uploads\/2022\/04\/20220428_091115-300x138.jpg 300w, http:\/\/www.biblioteka-sp4.pl\/wp-content\/uploads\/2022\/04\/20220428_091115-768x354.jpg 768w, http:\/\/www.biblioteka-sp4.pl\/wp-content\/uploads\/2022\/04\/20220428_091115-1024x472.jpg 1024w, http:\/\/www.biblioteka-sp4.pl\/wp-content\/uploads\/2022\/04\/20220428_091115-500x231.jpg 500w\" sizes=\"(max-width: 300px) 100vw, 300px\" \/><\/a>Z okazji Mi\u0119dzynarodowego Dnia Ta\u0144ca uczniowie podczas zaj\u0119\u0107 poznawali hiszpa\u0144skie style ta\u0144ca. Jota, fandango, flamenco, paso-doble&#8230; Ta\u0144czyli\u015bmy je do wybranych utwor\u00f3w muzycznych. \u015awietliczaki czuli si\u0119 jak ryba w wodzie! Okaza\u0142o si\u0119, \u017ce odkryli w sobie kolejny talent &#8211; do ta\u0144ca :)<\/p>\n\n\t\t<style type=\"text\/css\">\n\t\t\t#gallery-1 {\n\t\t\t\tmargin: auto;\n\t\t\t}\n\t\t\t#gallery-1 .gallery-item {\n\t\t\t\tfloat: left;\n\t\t\t\tmargin-top: 10px;\n\t\t\t\ttext-align: center;\n\t\t\t\twidth: 50%;\n\t\t\t}\n\t\t\t#gallery-1 img {\n\t\t\t\tborder: 2px solid #cfcfcf;\n\t\t\t}\n\t\t\t#gallery-1 .gallery-caption {\n\t\t\t\tmargin-left: 0;\n\t\t\t}\n\t\t\t\/* see gallery_shortcode() in wp-includes\/media.php *\/\n\t\t<\/style>\n\t\t<div id='gallery-1' class='gallery galleryid-10304 gallery-columns-2 gallery-size-medium'><dl class='gallery-item'>\n\t\t\t<dt class='gallery-icon landscape'>\n\t\t\t\t<a href='http:\/\/www.biblioteka-sp4.pl\/?attachment_id=10328'><img width=\"300\" height=\"138\" src=\"http:\/\/www.biblioteka-sp4.pl\/wp-content\/uploads\/2022\/04\/20220428_092000-300x138.jpg\" class=\"attachment-medium size-medium\" alt=\"\" decoding=\"async\" loading=\"lazy\" srcset=\"http:\/\/www.biblioteka-sp4.pl\/wp-content\/uploads\/2022\/04\/20220428_092000-300x138.jpg 300w, http:\/\/www.biblioteka-sp4.pl\/wp-content\/uploads\/2022\/04\/20220428_092000-768x354.jpg 768w, http:\/\/www.biblioteka-sp4.pl\/wp-content\/uploads\/2022\/04\/20220428_092000-1024x472.jpg 1024w, http:\/\/www.biblioteka-sp4.pl\/wp-content\/uploads\/2022\/04\/20220428_092000-500x230.jpg 500w\" sizes=\"(max-width: 300px) 100vw, 300px\" \/><\/a>\n\t\t\t<\/dt><\/dl><dl class='gallery-item'>\n\t\t\t<dt class='gallery-icon landscape'>\n\t\t\t\t<a href='http:\/\/www.biblioteka-sp4.pl\/?attachment_id=10327'><img width=\"300\" height=\"138\" src=\"http:\/\/www.biblioteka-sp4.pl\/wp-content\/uploads\/2022\/04\/20220428_091913-300x138.jpg\" class=\"attachment-medium size-medium\" alt=\"\" decoding=\"async\" loading=\"lazy\" srcset=\"http:\/\/www.biblioteka-sp4.pl\/wp-content\/uploads\/2022\/04\/20220428_091913-300x138.jpg 300w, http:\/\/www.biblioteka-sp4.pl\/wp-content\/uploads\/2022\/04\/20220428_091913-768x354.jpg 768w, http:\/\/www.biblioteka-sp4.pl\/wp-content\/uploads\/2022\/04\/20220428_091913-1024x472.jpg 1024w, http:\/\/www.biblioteka-sp4.pl\/wp-content\/uploads\/2022\/04\/20220428_091913-500x230.jpg 500w\" sizes=\"(max-width: 300px) 100vw, 300px\" \/><\/a>\n\t\t\t<\/dt><\/dl><br style=\"clear: both\" \/>\n\t\t<\/div>\n\n<p>Julita Zam\u0142ynna<\/p>\n","protected":false},"excerpt":{"rendered":"<p>Z okazji Mi\u0119dzynarodowego Dnia Ta\u0144ca uczniowie podczas zaj\u0119\u0107 poznawali hiszpa\u0144skie style ta\u0144ca. Jota, fandango, flamenco, paso-doble&#8230; Ta\u0144czyli\u015bmy je do wybranych utwor\u00f3w muzycznych. \u015awietliczaki czuli si\u0119 jak ryba w wodzie! Okaza\u0142o si\u0119, \u017ce odkryli w sobie kolejny talent &#8211; do ta\u0144ca :) Julita Zam\u0142ynna<\/p>\n","protected":false},"author":108,"featured_media":0,"comment_status":"open","ping_status":"open","sticky":false,"template":"","format":"standard","meta":[],"categories":[18],"tags":[],"_links":{"self":[{"href":"http:\/\/www.biblioteka-sp4.pl\/index.php?rest_route=\/wp\/v2\/posts\/10304"}],"collection":[{"href":"http:\/\/www.biblioteka-sp4.pl\/index.php?rest_route=\/wp\/v2\/posts"}],"about":[{"href":"http:\/\/www.biblioteka-sp4.pl\/index.php?rest_route=\/wp\/v2\/types\/post"}],"author":[{"embeddable":true,"href":"http:\/\/www.biblioteka-sp4.pl\/index.php?rest_route=\/wp\/v2\/users\/108"}],"replies":[{"embeddable":true,"href":"http:\/\/www.biblioteka-sp4.pl\/index.php?rest_route=%2Fwp%2Fv2%2Fcomments&post=10304"}],"version-history":[{"count":4,"href":"http:\/\/www.biblioteka-sp4.pl\/index.php?rest_route=\/wp\/v2\/posts\/10304\/revisions"}],"predecessor-version":[{"id":10332,"href":"http:\/\/www.biblioteka-sp4.pl\/index.php?rest_route=\/wp\/v2\/posts\/10304\/revisions\/10332"}],"wp:attachment":[{"href":"http:\/\/www.biblioteka-sp4.pl\/index.php?rest_route=%2Fwp%2Fv2%2Fmedia&parent=10304"}],"wp:term":[{"taxonomy":"category","embeddable":true,"href":"http:\/\/www.biblioteka-sp4.pl\/index.php?rest_route=%2Fwp%2Fv2%2Fcategories&post=10304"},{"taxonomy":"post_tag","embeddable":true,"href":"http:\/\/www.biblioteka-sp4.pl\/index.php?rest_route=%2Fwp%2Fv2%2Ftags&post=10304"}],"curies":[{"name":"wp","href":"https:\/\/api.w.org\/{rel}","templated":true}]}}