{"id":10408,"date":"2022-04-10T11:22:54","date_gmt":"2022-04-10T09:22:54","guid":{"rendered":"http:\/\/www.biblioteka-sp4.pl\/?p=10408"},"modified":"2025-06-24T15:48:46","modified_gmt":"2025-06-24T13:48:46","slug":"nie-badz-zyla-wypozycz-ksiazke-akcja-przypominajaca","status":"publish","type":"post","link":"http:\/\/www.biblioteka-sp4.pl\/?p=10408","title":{"rendered":"Nie b\u0105d\u017a \u017cy\u0142a! Wypo\u017cycz ksi\u0105\u017ck\u0119! &#8211; akcja przypominaj\u0105ca"},"content":{"rendered":"<h3 style=\"text-align: justify;\"><img decoding=\"async\" loading=\"lazy\" class=\"wp-image-10409 alignleft\" src=\"http:\/\/www.biblioteka-sp4.pl\/wp-content\/uploads\/2022\/05\/Nie-b\u0105d\u017a-\u017cy\u0142a-724x1024.jpg\" alt=\"\" width=\"236\" height=\"330\" \/>\u00a0Przypominamy o mo\u017cliwo\u015bci wypo\u017cyczania ksi\u0119gozbioru z naszej biblioteki na czas przerwy \u015bwi\u0105tecznej.<\/h3>\n<h3 style=\"text-align: justify;\">Akcja trwa do 13 kwietnia br.<a href=\"http:\/\/www.biblioteka-sp4.pl\/wp-content\/uploads\/2022\/03\/nprcz-belka-men-kolor-rgb.jpg\" rel=\"lightbox[10408]\"><img decoding=\"async\" loading=\"lazy\" class=\"aligncenter size-large wp-image-11927\" src=\"http:\/\/www.biblioteka-sp4.pl\/wp-content\/uploads\/2022\/03\/nprcz-belka-men-kolor-rgb-1024x155.jpg\" alt=\"\" width=\"560\" height=\"85\" srcset=\"http:\/\/www.biblioteka-sp4.pl\/wp-content\/uploads\/2022\/03\/nprcz-belka-men-kolor-rgb-1024x155.jpg 1024w, http:\/\/www.biblioteka-sp4.pl\/wp-content\/uploads\/2022\/03\/nprcz-belka-men-kolor-rgb-300x45.jpg 300w, http:\/\/www.biblioteka-sp4.pl\/wp-content\/uploads\/2022\/03\/nprcz-belka-men-kolor-rgb-768x116.jpg 768w, http:\/\/www.biblioteka-sp4.pl\/wp-content\/uploads\/2022\/03\/nprcz-belka-men-kolor-rgb-500x76.jpg 500w, http:\/\/www.biblioteka-sp4.pl\/wp-content\/uploads\/2022\/03\/nprcz-belka-men-kolor-rgb.jpg 2032w\" sizes=\"(max-width: 560px) 100vw, 560px\" \/><\/a><\/h3>\n","protected":false},"excerpt":{"rendered":"<p>\u00a0Przypominamy o mo\u017cliwo\u015bci wypo\u017cyczania ksi\u0119gozbioru z naszej biblioteki na czas przerwy \u015bwi\u0105tecznej. Akcja trwa do 13 kwietnia br.<\/p>\n","protected":false},"author":269,"featured_media":0,"comment_status":"open","ping_status":"open","sticky":false,"template":"","format":"standard","meta":[],"categories":[16,3],"tags":[],"_links":{"self":[{"href":"http:\/\/www.biblioteka-sp4.pl\/index.php?rest_route=\/wp\/v2\/posts\/10408"}],"collection":[{"href":"http:\/\/www.biblioteka-sp4.pl\/index.php?rest_route=\/wp\/v2\/posts"}],"about":[{"href":"http:\/\/www.biblioteka-sp4.pl\/index.php?rest_route=\/wp\/v2\/types\/post"}],"author":[{"embeddable":true,"href":"http:\/\/www.biblioteka-sp4.pl\/index.php?rest_route=\/wp\/v2\/users\/269"}],"replies":[{"embeddable":true,"href":"http:\/\/www.biblioteka-sp4.pl\/index.php?rest_route=%2Fwp%2Fv2%2Fcomments&post=10408"}],"version-history":[{"count":5,"href":"http:\/\/www.biblioteka-sp4.pl\/index.php?rest_route=\/wp\/v2\/posts\/10408\/revisions"}],"predecessor-version":[{"id":11940,"href":"http:\/\/www.biblioteka-sp4.pl\/index.php?rest_route=\/wp\/v2\/posts\/10408\/revisions\/11940"}],"wp:attachment":[{"href":"http:\/\/www.biblioteka-sp4.pl\/index.php?rest_route=%2Fwp%2Fv2%2Fmedia&parent=10408"}],"wp:term":[{"taxonomy":"category","embeddable":true,"href":"http:\/\/www.biblioteka-sp4.pl\/index.php?rest_route=%2Fwp%2Fv2%2Fcategories&post=10408"},{"taxonomy":"post_tag","embeddable":true,"href":"http:\/\/www.biblioteka-sp4.pl\/index.php?rest_route=%2Fwp%2Fv2%2Ftags&post=10408"}],"curies":[{"name":"wp","href":"https:\/\/api.w.org\/{rel}","templated":true}]}}