{"id":10634,"date":"2022-06-01T09:29:23","date_gmt":"2022-06-01T07:29:23","guid":{"rendered":"http:\/\/www.biblioteka-sp4.pl\/?p=10634"},"modified":"2022-06-01T09:30:01","modified_gmt":"2022-06-01T07:30:01","slug":"dzien-dziecka-2","status":"publish","type":"post","link":"http:\/\/www.biblioteka-sp4.pl\/?p=10634","title":{"rendered":"Dzie\u0144 Dziecka"},"content":{"rendered":"<p><a href=\"http:\/\/www.biblioteka-sp4.pl\/wp-content\/uploads\/2022\/06\/20220601_091738-e1654068476733.jpg\" rel=\"lightbox[10634]\"><img decoding=\"async\" loading=\"lazy\" class=\" wp-image-10636 alignleft\" src=\"http:\/\/www.biblioteka-sp4.pl\/wp-content\/uploads\/2022\/06\/20220601_091738-e1654068476733-300x219.jpg\" alt=\"\" width=\"199\" height=\"149\" \/><\/a>Wszystkim naszym uczniom \u017cyczymy spe\u0142nienia marze\u0144, sukces\u00f3w szkolnych i rado\u015bci. Niech Wam u\u015bmiech towarzyszy ka\u017cdego dnia!<\/p>\n<p>Dzi\u015b ka\u017cdy \u015bwietliczak otrzyma od nas drobne s\u0142odko\u015bci! Zostan\u0105 zorganizowane r\u00f3wnie\u017c zaj\u0119cia ruchowe, karaoke oraz odb\u0119d\u0105 si\u0119 projekcje ulubionych bajek. Dzie\u0144 sp\u0119dzimy na wsp\u00f3lnej zabawie :)<\/p>\n<p><a href=\"http:\/\/www.biblioteka-sp4.pl\/wp-content\/uploads\/2022\/06\/20220601_090940.jpg\" rel=\"lightbox[10634]\"><img decoding=\"async\" loading=\"lazy\" class=\"alignnone size-medium wp-image-10635\" src=\"http:\/\/www.biblioteka-sp4.pl\/wp-content\/uploads\/2022\/06\/20220601_090940-300x138.jpg\" alt=\"\" width=\"300\" height=\"138\" srcset=\"http:\/\/www.biblioteka-sp4.pl\/wp-content\/uploads\/2022\/06\/20220601_090940-300x138.jpg 300w, http:\/\/www.biblioteka-sp4.pl\/wp-content\/uploads\/2022\/06\/20220601_090940-768x354.jpg 768w, http:\/\/www.biblioteka-sp4.pl\/wp-content\/uploads\/2022\/06\/20220601_090940-1024x472.jpg 1024w, http:\/\/www.biblioteka-sp4.pl\/wp-content\/uploads\/2022\/06\/20220601_090940-500x231.jpg 500w\" sizes=\"(max-width: 300px) 100vw, 300px\" \/><\/a><\/p>\n<p>Nauczyciele \u015bwietlicy szkolnej<\/p>\n","protected":false},"excerpt":{"rendered":"<p>Wszystkim naszym uczniom \u017cyczymy spe\u0142nienia marze\u0144, sukces\u00f3w szkolnych i rado\u015bci. Niech Wam u\u015bmiech towarzyszy ka\u017cdego dnia! Dzi\u015b ka\u017cdy \u015bwietliczak otrzyma od nas drobne s\u0142odko\u015bci! Zostan\u0105 zorganizowane r\u00f3wnie\u017c zaj\u0119cia ruchowe, karaoke oraz odb\u0119d\u0105 si\u0119 projekcje ulubionych bajek. Dzie\u0144 sp\u0119dzimy na wsp\u00f3lnej zabawie :) Nauczyciele \u015bwietlicy szkolnej<\/p>\n","protected":false},"author":108,"featured_media":0,"comment_status":"open","ping_status":"open","sticky":false,"template":"","format":"standard","meta":[],"categories":[18],"tags":[],"_links":{"self":[{"href":"http:\/\/www.biblioteka-sp4.pl\/index.php?rest_route=\/wp\/v2\/posts\/10634"}],"collection":[{"href":"http:\/\/www.biblioteka-sp4.pl\/index.php?rest_route=\/wp\/v2\/posts"}],"about":[{"href":"http:\/\/www.biblioteka-sp4.pl\/index.php?rest_route=\/wp\/v2\/types\/post"}],"author":[{"embeddable":true,"href":"http:\/\/www.biblioteka-sp4.pl\/index.php?rest_route=\/wp\/v2\/users\/108"}],"replies":[{"embeddable":true,"href":"http:\/\/www.biblioteka-sp4.pl\/index.php?rest_route=%2Fwp%2Fv2%2Fcomments&post=10634"}],"version-history":[{"count":3,"href":"http:\/\/www.biblioteka-sp4.pl\/index.php?rest_route=\/wp\/v2\/posts\/10634\/revisions"}],"predecessor-version":[{"id":10639,"href":"http:\/\/www.biblioteka-sp4.pl\/index.php?rest_route=\/wp\/v2\/posts\/10634\/revisions\/10639"}],"wp:attachment":[{"href":"http:\/\/www.biblioteka-sp4.pl\/index.php?rest_route=%2Fwp%2Fv2%2Fmedia&parent=10634"}],"wp:term":[{"taxonomy":"category","embeddable":true,"href":"http:\/\/www.biblioteka-sp4.pl\/index.php?rest_route=%2Fwp%2Fv2%2Fcategories&post=10634"},{"taxonomy":"post_tag","embeddable":true,"href":"http:\/\/www.biblioteka-sp4.pl\/index.php?rest_route=%2Fwp%2Fv2%2Ftags&post=10634"}],"curies":[{"name":"wp","href":"https:\/\/api.w.org\/{rel}","templated":true}]}}