{"id":12130,"date":"2022-11-08T09:48:53","date_gmt":"2022-11-08T08:48:53","guid":{"rendered":"http:\/\/www.biblioteka-sp4.pl\/?p=12130"},"modified":"2022-11-08T10:48:58","modified_gmt":"2022-11-08T09:48:58","slug":"zapraszamy-do-czynnego-udzialu-w-akcji-kolorowe-kredki","status":"publish","type":"post","link":"http:\/\/www.biblioteka-sp4.pl\/?p=12130","title":{"rendered":"Zapraszamy do czynnego udzia\u0142u w akcji ,,Kolorowe kredki&#8221;"},"content":{"rendered":"<p><a href=\"http:\/\/www.biblioteka-sp4.pl\/wp-content\/uploads\/2022\/11\/plakat....-1.jpg\" rel=\"lightbox[12130]\"><img decoding=\"async\" loading=\"lazy\" class=\"size-medium wp-image-12165 alignleft\" src=\"http:\/\/www.biblioteka-sp4.pl\/wp-content\/uploads\/2022\/11\/plakat....-1-212x300.jpg\" alt=\"\" width=\"212\" height=\"300\" srcset=\"http:\/\/www.biblioteka-sp4.pl\/wp-content\/uploads\/2022\/11\/plakat....-1-212x300.jpg 212w, http:\/\/www.biblioteka-sp4.pl\/wp-content\/uploads\/2022\/11\/plakat....-1-768x1087.jpg 768w, http:\/\/www.biblioteka-sp4.pl\/wp-content\/uploads\/2022\/11\/plakat....-1-723x1024.jpg 723w, http:\/\/www.biblioteka-sp4.pl\/wp-content\/uploads\/2022\/11\/plakat....-1-500x708.jpg 500w, http:\/\/www.biblioteka-sp4.pl\/wp-content\/uploads\/2022\/11\/plakat....-1.jpg 1236w\" sizes=\"(max-width: 212px) 100vw, 212px\" \/><\/a>\u015awietlica szkolna w\u0142\u0105czy\u0142a si\u0119 w akcj\u0119 ,,Kolorowe Kredki\u201d. Jest to akcja charytatywna, proekologiczna i wspieraj\u0105ca recykling. Celem akcji jest przede wszystkim niesienie pomocy dzieciom w szko\u0142ach przyszpitalnych i \u015bwietlicach \u015brodowiskowych.<\/p>\n<p>Co zbieramy?<\/p>\n<p>Kredki o\u0142\u00f3wkowe! Te u\u017cywane, jak i nowe! Po zbi\u00f3rce b\u0119d\u0105 one wys\u0142ane na adres organizatora, kt\u00f3ry przy pomocy wolontariuszy posegreguje je, a odrestaurowane zamie\u015bci w pi\u00f3rnikach, kt\u00f3re trafi\u0105 do odpowiednich instytucji.<\/p>\n<p>Uwaga!<\/p>\n<p>Kredki prosimy przynosi\u0107 do \u015bwietlicy szkolnej (parter). Akcja trwa do 18 listopada.<\/p>\n<p>Zach\u0119camy wszystkich uczni\u00f3w do wzi\u0119cia udzia\u0142u! Pami\u0119tajmy \u2013 dobro do nas powraca!<\/p>\n<p>Julita Zam\u0142ynna<\/p>\n","protected":false},"excerpt":{"rendered":"<p>\u015awietlica szkolna w\u0142\u0105czy\u0142a si\u0119 w akcj\u0119 ,,Kolorowe Kredki\u201d. Jest to akcja charytatywna, proekologiczna i wspieraj\u0105ca recykling. Celem akcji jest przede wszystkim niesienie pomocy dzieciom w szko\u0142ach przyszpitalnych i \u015bwietlicach \u015brodowiskowych. Co zbieramy? Kredki o\u0142\u00f3wkowe! Te u\u017cywane, jak i nowe! Po zbi\u00f3rce b\u0119d\u0105 one wys\u0142ane na adres organizatora, kt\u00f3ry przy pomocy wolontariuszy posegreguje je, a odrestaurowane zamie\u015bci w pi\u00f3rnikach, kt\u00f3re trafi\u0105<\/p>\n","protected":false},"author":108,"featured_media":0,"comment_status":"open","ping_status":"open","sticky":false,"template":"","format":"standard","meta":[],"categories":[18],"tags":[],"_links":{"self":[{"href":"http:\/\/www.biblioteka-sp4.pl\/index.php?rest_route=\/wp\/v2\/posts\/12130"}],"collection":[{"href":"http:\/\/www.biblioteka-sp4.pl\/index.php?rest_route=\/wp\/v2\/posts"}],"about":[{"href":"http:\/\/www.biblioteka-sp4.pl\/index.php?rest_route=\/wp\/v2\/types\/post"}],"author":[{"embeddable":true,"href":"http:\/\/www.biblioteka-sp4.pl\/index.php?rest_route=\/wp\/v2\/users\/108"}],"replies":[{"embeddable":true,"href":"http:\/\/www.biblioteka-sp4.pl\/index.php?rest_route=%2Fwp%2Fv2%2Fcomments&post=12130"}],"version-history":[{"count":2,"href":"http:\/\/www.biblioteka-sp4.pl\/index.php?rest_route=\/wp\/v2\/posts\/12130\/revisions"}],"predecessor-version":[{"id":12166,"href":"http:\/\/www.biblioteka-sp4.pl\/index.php?rest_route=\/wp\/v2\/posts\/12130\/revisions\/12166"}],"wp:attachment":[{"href":"http:\/\/www.biblioteka-sp4.pl\/index.php?rest_route=%2Fwp%2Fv2%2Fmedia&parent=12130"}],"wp:term":[{"taxonomy":"category","embeddable":true,"href":"http:\/\/www.biblioteka-sp4.pl\/index.php?rest_route=%2Fwp%2Fv2%2Fcategories&post=12130"},{"taxonomy":"post_tag","embeddable":true,"href":"http:\/\/www.biblioteka-sp4.pl\/index.php?rest_route=%2Fwp%2Fv2%2Ftags&post=12130"}],"curies":[{"name":"wp","href":"https:\/\/api.w.org\/{rel}","templated":true}]}}