{"id":12167,"date":"2022-11-04T12:05:55","date_gmt":"2022-11-04T11:05:55","guid":{"rendered":"http:\/\/www.biblioteka-sp4.pl\/?p=12167"},"modified":"2022-11-04T12:03:42","modified_gmt":"2022-11-04T11:03:42","slug":"miedzynarodowy-dzien-postaci-z-bajek","status":"publish","type":"post","link":"http:\/\/www.biblioteka-sp4.pl\/?p=12167","title":{"rendered":"Mi\u0119dzynarodowy Dzie\u0144 Postaci z Bajek"},"content":{"rendered":"<p><a href=\"http:\/\/www.biblioteka-sp4.pl\/wp-content\/uploads\/2022\/11\/20221104_105003-1.jpg\" rel=\"lightbox[12167]\"><img decoding=\"async\" loading=\"lazy\" class=\"size-medium wp-image-12168 alignleft\" src=\"http:\/\/www.biblioteka-sp4.pl\/wp-content\/uploads\/2022\/11\/20221104_105003-1-300x138.jpg\" alt=\"\" width=\"300\" height=\"138\" srcset=\"http:\/\/www.biblioteka-sp4.pl\/wp-content\/uploads\/2022\/11\/20221104_105003-1-300x138.jpg 300w, http:\/\/www.biblioteka-sp4.pl\/wp-content\/uploads\/2022\/11\/20221104_105003-1-768x354.jpg 768w, http:\/\/www.biblioteka-sp4.pl\/wp-content\/uploads\/2022\/11\/20221104_105003-1-1024x472.jpg 1024w, http:\/\/www.biblioteka-sp4.pl\/wp-content\/uploads\/2022\/11\/20221104_105003-1-500x231.jpg 500w\" sizes=\"(max-width: 300px) 100vw, 300px\" \/><\/a>Mi\u0119dzynarodowy Dzie\u0144 Postaci z Bajek obchodzony jest na ca\u0142ym \u015bwiecie 5 listopada. Z tej okazji w \u015bwietlicy szkolnej odby\u0142y si\u0119 bajkowe zaj\u0119cia! Uczniowie rozwi\u0105zywali tematyczne zagadki oraz rebusy, brali udzia\u0142 w quizie ba\u015bniowym oraz wykonywali maski wybranych bohater\u00f3w ksi\u0105\u017ckowych. Na popo\u0142udnie zaplanowany zosta\u0142 film animowany, kt\u00f3ry wsp\u00f3lnie om\u00f3wili\u015bmy i wyszukali\u015bmy w nim mora\u0142u. Jeste\u015bmy przekonane, \u017ce przygotowane zaj\u0119cia uczniom bardzo si\u0119 podoba\u0142y!<\/p>\n<p>Julita Zam\u0142ynna<\/p>\n<p>Joanna Jopek<\/p>\n","protected":false},"excerpt":{"rendered":"<p>Mi\u0119dzynarodowy Dzie\u0144 Postaci z Bajek obchodzony jest na ca\u0142ym \u015bwiecie 5 listopada. Z tej okazji w \u015bwietlicy szkolnej odby\u0142y si\u0119 bajkowe zaj\u0119cia! Uczniowie rozwi\u0105zywali tematyczne zagadki oraz rebusy, brali udzia\u0142 w quizie ba\u015bniowym oraz wykonywali maski wybranych bohater\u00f3w ksi\u0105\u017ckowych. Na popo\u0142udnie zaplanowany zosta\u0142 film animowany, kt\u00f3ry wsp\u00f3lnie om\u00f3wili\u015bmy i wyszukali\u015bmy w nim mora\u0142u. Jeste\u015bmy przekonane, \u017ce przygotowane zaj\u0119cia uczniom bardzo<\/p>\n","protected":false},"author":108,"featured_media":0,"comment_status":"open","ping_status":"open","sticky":false,"template":"","format":"standard","meta":[],"categories":[18],"tags":[],"_links":{"self":[{"href":"http:\/\/www.biblioteka-sp4.pl\/index.php?rest_route=\/wp\/v2\/posts\/12167"}],"collection":[{"href":"http:\/\/www.biblioteka-sp4.pl\/index.php?rest_route=\/wp\/v2\/posts"}],"about":[{"href":"http:\/\/www.biblioteka-sp4.pl\/index.php?rest_route=\/wp\/v2\/types\/post"}],"author":[{"embeddable":true,"href":"http:\/\/www.biblioteka-sp4.pl\/index.php?rest_route=\/wp\/v2\/users\/108"}],"replies":[{"embeddable":true,"href":"http:\/\/www.biblioteka-sp4.pl\/index.php?rest_route=%2Fwp%2Fv2%2Fcomments&post=12167"}],"version-history":[{"count":5,"href":"http:\/\/www.biblioteka-sp4.pl\/index.php?rest_route=\/wp\/v2\/posts\/12167\/revisions"}],"predecessor-version":[{"id":12173,"href":"http:\/\/www.biblioteka-sp4.pl\/index.php?rest_route=\/wp\/v2\/posts\/12167\/revisions\/12173"}],"wp:attachment":[{"href":"http:\/\/www.biblioteka-sp4.pl\/index.php?rest_route=%2Fwp%2Fv2%2Fmedia&parent=12167"}],"wp:term":[{"taxonomy":"category","embeddable":true,"href":"http:\/\/www.biblioteka-sp4.pl\/index.php?rest_route=%2Fwp%2Fv2%2Fcategories&post=12167"},{"taxonomy":"post_tag","embeddable":true,"href":"http:\/\/www.biblioteka-sp4.pl\/index.php?rest_route=%2Fwp%2Fv2%2Ftags&post=12167"}],"curies":[{"name":"wp","href":"https:\/\/api.w.org\/{rel}","templated":true}]}}