{"id":12177,"date":"2022-10-17T10:06:34","date_gmt":"2022-10-17T08:06:34","guid":{"rendered":"http:\/\/www.biblioteka-sp4.pl\/?p=12177"},"modified":"2022-11-09T10:07:46","modified_gmt":"2022-11-09T09:07:46","slug":"wkreceni-w-czytanie","status":"publish","type":"post","link":"http:\/\/www.biblioteka-sp4.pl\/?p=12177","title":{"rendered":",,Wkr\u0119ceni w czytanie&#8221;"},"content":{"rendered":"<p>W ramach projektu czytelniczego ,,Wkr\u0119ceni w czytanie&#8221; uczniowie zapoznali si\u0119 z bajk\u0105 ,,Brzydkie Kacz\u0105tko&#8221; H. Ch. Andersena. Rozmawiali\u015bmy na temat tolerancji oraz uto\u017csamiali\u015bmy si\u0119 z g\u0142\u00f3wnym bohaterem, w poszczeg\u00f3lnych momentach bajki, pr\u00f3buj\u0105c nazwa\u0107 towarzysz\u0105ce mu w\u00f3wczas uczucia. Na koniec odby\u0142y si\u0119 zaj\u0119cia plastyczne, podczas kt\u00f3rych powsta\u0142y pi\u0119kne, bia\u0142e \u0142ab\u0119dzie namalowane farbami.<\/p>\n\n\t\t<style type=\"text\/css\">\n\t\t\t#gallery-1 {\n\t\t\t\tmargin: auto;\n\t\t\t}\n\t\t\t#gallery-1 .gallery-item {\n\t\t\t\tfloat: left;\n\t\t\t\tmargin-top: 10px;\n\t\t\t\ttext-align: center;\n\t\t\t\twidth: 50%;\n\t\t\t}\n\t\t\t#gallery-1 img {\n\t\t\t\tborder: 2px solid #cfcfcf;\n\t\t\t}\n\t\t\t#gallery-1 .gallery-caption {\n\t\t\t\tmargin-left: 0;\n\t\t\t}\n\t\t\t\/* see gallery_shortcode() in wp-includes\/media.php *\/\n\t\t<\/style>\n\t\t<div id='gallery-1' class='gallery galleryid-12177 gallery-columns-2 gallery-size-medium'><dl class='gallery-item'>\n\t\t\t<dt class='gallery-icon landscape'>\n\t\t\t\t<a href='http:\/\/www.biblioteka-sp4.pl\/wp-content\/uploads\/2022\/11\/20221109_090629.jpg' rel=\"lightbox[12177]\"><img width=\"300\" height=\"138\" src=\"http:\/\/www.biblioteka-sp4.pl\/wp-content\/uploads\/2022\/11\/20221109_090629-300x138.jpg\" class=\"attachment-medium size-medium\" alt=\"\" decoding=\"async\" loading=\"lazy\" srcset=\"http:\/\/www.biblioteka-sp4.pl\/wp-content\/uploads\/2022\/11\/20221109_090629-300x138.jpg 300w, http:\/\/www.biblioteka-sp4.pl\/wp-content\/uploads\/2022\/11\/20221109_090629-768x354.jpg 768w, http:\/\/www.biblioteka-sp4.pl\/wp-content\/uploads\/2022\/11\/20221109_090629-1024x472.jpg 1024w, http:\/\/www.biblioteka-sp4.pl\/wp-content\/uploads\/2022\/11\/20221109_090629-500x230.jpg 500w\" sizes=\"(max-width: 300px) 100vw, 300px\" \/><\/a>\n\t\t\t<\/dt><\/dl><dl class='gallery-item'>\n\t\t\t<dt class='gallery-icon landscape'>\n\t\t\t\t<a href='http:\/\/www.biblioteka-sp4.pl\/wp-content\/uploads\/2022\/11\/20221109_092139.jpg' rel=\"lightbox[12177]\"><img width=\"300\" height=\"138\" src=\"http:\/\/www.biblioteka-sp4.pl\/wp-content\/uploads\/2022\/11\/20221109_092139-300x138.jpg\" class=\"attachment-medium size-medium\" alt=\"\" decoding=\"async\" loading=\"lazy\" srcset=\"http:\/\/www.biblioteka-sp4.pl\/wp-content\/uploads\/2022\/11\/20221109_092139-300x138.jpg 300w, http:\/\/www.biblioteka-sp4.pl\/wp-content\/uploads\/2022\/11\/20221109_092139-768x354.jpg 768w, http:\/\/www.biblioteka-sp4.pl\/wp-content\/uploads\/2022\/11\/20221109_092139-1024x472.jpg 1024w, http:\/\/www.biblioteka-sp4.pl\/wp-content\/uploads\/2022\/11\/20221109_092139-500x231.jpg 500w\" sizes=\"(max-width: 300px) 100vw, 300px\" \/><\/a>\n\t\t\t<\/dt><\/dl><br style=\"clear: both\" \/>\n\t\t<\/div>\n\n<p>Julita Zam\u0142ynna<\/p>\n","protected":false},"excerpt":{"rendered":"<p>W ramach projektu czytelniczego ,,Wkr\u0119ceni w czytanie&#8221; uczniowie zapoznali si\u0119 z bajk\u0105 ,,Brzydkie Kacz\u0105tko&#8221; H. Ch. Andersena. Rozmawiali\u015bmy na temat tolerancji oraz uto\u017csamiali\u015bmy si\u0119 z g\u0142\u00f3wnym bohaterem, w poszczeg\u00f3lnych momentach bajki, pr\u00f3buj\u0105c nazwa\u0107 towarzysz\u0105ce mu w\u00f3wczas uczucia. Na koniec odby\u0142y si\u0119 zaj\u0119cia plastyczne, podczas kt\u00f3rych powsta\u0142y pi\u0119kne, bia\u0142e \u0142ab\u0119dzie namalowane farbami. Julita Zam\u0142ynna<\/p>\n","protected":false},"author":108,"featured_media":0,"comment_status":"open","ping_status":"open","sticky":false,"template":"","format":"standard","meta":[],"categories":[18],"tags":[],"_links":{"self":[{"href":"http:\/\/www.biblioteka-sp4.pl\/index.php?rest_route=\/wp\/v2\/posts\/12177"}],"collection":[{"href":"http:\/\/www.biblioteka-sp4.pl\/index.php?rest_route=\/wp\/v2\/posts"}],"about":[{"href":"http:\/\/www.biblioteka-sp4.pl\/index.php?rest_route=\/wp\/v2\/types\/post"}],"author":[{"embeddable":true,"href":"http:\/\/www.biblioteka-sp4.pl\/index.php?rest_route=\/wp\/v2\/users\/108"}],"replies":[{"embeddable":true,"href":"http:\/\/www.biblioteka-sp4.pl\/index.php?rest_route=%2Fwp%2Fv2%2Fcomments&post=12177"}],"version-history":[{"count":2,"href":"http:\/\/www.biblioteka-sp4.pl\/index.php?rest_route=\/wp\/v2\/posts\/12177\/revisions"}],"predecessor-version":[{"id":12223,"href":"http:\/\/www.biblioteka-sp4.pl\/index.php?rest_route=\/wp\/v2\/posts\/12177\/revisions\/12223"}],"wp:attachment":[{"href":"http:\/\/www.biblioteka-sp4.pl\/index.php?rest_route=%2Fwp%2Fv2%2Fmedia&parent=12177"}],"wp:term":[{"taxonomy":"category","embeddable":true,"href":"http:\/\/www.biblioteka-sp4.pl\/index.php?rest_route=%2Fwp%2Fv2%2Fcategories&post=12177"},{"taxonomy":"post_tag","embeddable":true,"href":"http:\/\/www.biblioteka-sp4.pl\/index.php?rest_route=%2Fwp%2Fv2%2Ftags&post=12177"}],"curies":[{"name":"wp","href":"https:\/\/api.w.org\/{rel}","templated":true}]}}