{"id":12291,"date":"2022-11-17T09:27:24","date_gmt":"2022-11-17T08:27:24","guid":{"rendered":"http:\/\/www.biblioteka-sp4.pl\/?p=12291"},"modified":"2022-11-17T09:28:52","modified_gmt":"2022-11-17T08:28:52","slug":"dzien-czarnego-kota","status":"publish","type":"post","link":"http:\/\/www.biblioteka-sp4.pl\/?p=12291","title":{"rendered":"Dzie\u0144 Czarnego Kota"},"content":{"rendered":"<p><a href=\"http:\/\/www.biblioteka-sp4.pl\/wp-content\/uploads\/2022\/11\/20221117_090950-5.jpg\" rel=\"lightbox[12291]\"><img decoding=\"async\" loading=\"lazy\" class=\"size-medium wp-image-12349 alignleft\" src=\"http:\/\/www.biblioteka-sp4.pl\/wp-content\/uploads\/2022\/11\/20221117_090950-5-300x286.jpg\" alt=\"\" width=\"300\" height=\"286\" srcset=\"http:\/\/www.biblioteka-sp4.pl\/wp-content\/uploads\/2022\/11\/20221117_090950-5-300x286.jpg 300w, http:\/\/www.biblioteka-sp4.pl\/wp-content\/uploads\/2022\/11\/20221117_090950-5-768x732.jpg 768w, http:\/\/www.biblioteka-sp4.pl\/wp-content\/uploads\/2022\/11\/20221117_090950-5-1024x976.jpg 1024w, http:\/\/www.biblioteka-sp4.pl\/wp-content\/uploads\/2022\/11\/20221117_090950-5-500x476.jpg 500w, http:\/\/www.biblioteka-sp4.pl\/wp-content\/uploads\/2022\/11\/20221117_090950-5.jpg 1528w\" sizes=\"(max-width: 300px) 100vw, 300px\" \/><\/a>W \u015bwietlicy obchodzili\u015bmy Dzie\u0144 Czarnego Kota. Czwartek obfitowa\u0142 g\u0142\u00f3wnie w zaj\u0119cia plastyczne, w kt\u00f3rych g\u0142\u00f3wn\u0105 rol\u0119 odgrywa\u0142&#8230; kot. Uczniowie zapoznali si\u0119 r\u00f3wnie\u017c z ciekawostkami na temat tych uroczych, czworono\u017cnych przyjaci\u00f3\u0142 &#8211; ile godzin sypiaj\u0105 w ci\u0105gu dnia, kiedy mrucz\u0105, czy trzeba koty szczotkowa\u0107 i wiele innych. \u015awi\u0119to ma na celu przede wszystkim walk\u0119 z przes\u0105dami i uprzedzeniami. Wychowankowie dowiedzieli si\u0119, \u017ce Szkoci obecno\u015b\u0107 kota w domu uto\u017csamiaj\u0105 z dobrobytem, a we W\u0142oszech kichaj\u0105cy kot to szcz\u0119\u015bliwy znak dla tego, kto go us\u0142yszy. Wsp\u00f3lnie stwierdzili\u015bmy, \u017ce czarne koty wcale nie przynosz\u0105 pecha, a jedynie mog\u0105 wywo\u0142a\u0107 u\u015bmiech na twarzach domownik\u00f3w i nieograniczon\u0105 mi\u0142o\u015b\u0107 do zwierz\u0119cia.<\/p>\n<p>Julita Zam\u0142ynna<\/p>\n","protected":false},"excerpt":{"rendered":"<p>W \u015bwietlicy obchodzili\u015bmy Dzie\u0144 Czarnego Kota. Czwartek obfitowa\u0142 g\u0142\u00f3wnie w zaj\u0119cia plastyczne, w kt\u00f3rych g\u0142\u00f3wn\u0105 rol\u0119 odgrywa\u0142&#8230; kot. Uczniowie zapoznali si\u0119 r\u00f3wnie\u017c z ciekawostkami na temat tych uroczych, czworono\u017cnych przyjaci\u00f3\u0142 &#8211; ile godzin sypiaj\u0105 w ci\u0105gu dnia, kiedy mrucz\u0105, czy trzeba koty szczotkowa\u0107 i wiele innych. \u015awi\u0119to ma na celu przede wszystkim walk\u0119 z przes\u0105dami i uprzedzeniami. Wychowankowie dowiedzieli si\u0119,<\/p>\n","protected":false},"author":108,"featured_media":0,"comment_status":"open","ping_status":"open","sticky":false,"template":"","format":"standard","meta":[],"categories":[18],"tags":[],"_links":{"self":[{"href":"http:\/\/www.biblioteka-sp4.pl\/index.php?rest_route=\/wp\/v2\/posts\/12291"}],"collection":[{"href":"http:\/\/www.biblioteka-sp4.pl\/index.php?rest_route=\/wp\/v2\/posts"}],"about":[{"href":"http:\/\/www.biblioteka-sp4.pl\/index.php?rest_route=\/wp\/v2\/types\/post"}],"author":[{"embeddable":true,"href":"http:\/\/www.biblioteka-sp4.pl\/index.php?rest_route=\/wp\/v2\/users\/108"}],"replies":[{"embeddable":true,"href":"http:\/\/www.biblioteka-sp4.pl\/index.php?rest_route=%2Fwp%2Fv2%2Fcomments&post=12291"}],"version-history":[{"count":3,"href":"http:\/\/www.biblioteka-sp4.pl\/index.php?rest_route=\/wp\/v2\/posts\/12291\/revisions"}],"predecessor-version":[{"id":12351,"href":"http:\/\/www.biblioteka-sp4.pl\/index.php?rest_route=\/wp\/v2\/posts\/12291\/revisions\/12351"}],"wp:attachment":[{"href":"http:\/\/www.biblioteka-sp4.pl\/index.php?rest_route=%2Fwp%2Fv2%2Fmedia&parent=12291"}],"wp:term":[{"taxonomy":"category","embeddable":true,"href":"http:\/\/www.biblioteka-sp4.pl\/index.php?rest_route=%2Fwp%2Fv2%2Fcategories&post=12291"},{"taxonomy":"post_tag","embeddable":true,"href":"http:\/\/www.biblioteka-sp4.pl\/index.php?rest_route=%2Fwp%2Fv2%2Ftags&post=12291"}],"curies":[{"name":"wp","href":"https:\/\/api.w.org\/{rel}","templated":true}]}}