{"id":12378,"date":"2022-11-19T19:21:11","date_gmt":"2022-11-19T18:21:11","guid":{"rendered":"http:\/\/www.biblioteka-sp4.pl\/?p=12378"},"modified":"2022-11-19T19:52:46","modified_gmt":"2022-11-19T18:52:46","slug":"zebralismy-ponad-tysiac-sztuk-kolorowych-kredek","status":"publish","type":"post","link":"http:\/\/www.biblioteka-sp4.pl\/?p=12378","title":{"rendered":"Zebrali\u015bmy ponad tysi\u0105c sztuk kolorowych kredek!"},"content":{"rendered":"<p><a href=\"http:\/\/www.biblioteka-sp4.pl\/wp-content\/uploads\/2022\/11\/20221118_094746-1.jpg\" rel=\"lightbox[12378]\"><img decoding=\"async\" loading=\"lazy\" class=\"size-medium wp-image-12384 alignleft\" src=\"http:\/\/www.biblioteka-sp4.pl\/wp-content\/uploads\/2022\/11\/20221118_094746-1-300x138.jpg\" alt=\"\" width=\"300\" height=\"138\" srcset=\"http:\/\/www.biblioteka-sp4.pl\/wp-content\/uploads\/2022\/11\/20221118_094746-1-300x138.jpg 300w, http:\/\/www.biblioteka-sp4.pl\/wp-content\/uploads\/2022\/11\/20221118_094746-1-768x354.jpg 768w, http:\/\/www.biblioteka-sp4.pl\/wp-content\/uploads\/2022\/11\/20221118_094746-1-1024x472.jpg 1024w, http:\/\/www.biblioteka-sp4.pl\/wp-content\/uploads\/2022\/11\/20221118_094746-1-500x231.jpg 500w\" sizes=\"(max-width: 300px) 100vw, 300px\" \/><\/a>W listopadzie przy\u0142\u0105czyli\u015bmy si\u0119 do akcji charytatywnej ,,Kolorowe kredki\u201d, kt\u00f3rej g\u0142\u00f3wnym celem jest niesienie pomocy dzieciom w \u015bwietlicach \u015brodowiskowych oraz szko\u0142ach przyszpitalnych. \u015awietlica zorganizowa\u0142a zbi\u00f3rk\u0119, podczas kt\u00f3rej uda\u0142o si\u0119 zebra\u0107 a\u017c 1276 sztuk kolorowych kredek, w tym kilka nowych opakowa\u0144! Zostan\u0105 one wys\u0142ane na adres organizatora, a nast\u0119pnie przekazane potrzebuj\u0105cym dzieciom. Serdecznie dzi\u0119kujemy wszystkim uczniom i ich rodzicom za udzia\u0142! Za w\u0142\u0105czenie si\u0119 w akcje szko\u0142a otrzyma\u0142a certyfikat, a \u015bwietlica szkolna dyplom.<\/p>\n\n\t\t<style type=\"text\/css\">\n\t\t\t#gallery-1 {\n\t\t\t\tmargin: auto;\n\t\t\t}\n\t\t\t#gallery-1 .gallery-item {\n\t\t\t\tfloat: left;\n\t\t\t\tmargin-top: 10px;\n\t\t\t\ttext-align: center;\n\t\t\t\twidth: 50%;\n\t\t\t}\n\t\t\t#gallery-1 img {\n\t\t\t\tborder: 2px solid #cfcfcf;\n\t\t\t}\n\t\t\t#gallery-1 .gallery-caption {\n\t\t\t\tmargin-left: 0;\n\t\t\t}\n\t\t\t\/* see gallery_shortcode() in wp-includes\/media.php *\/\n\t\t<\/style>\n\t\t<div id='gallery-1' class='gallery galleryid-12378 gallery-columns-2 gallery-size-medium'><dl class='gallery-item'>\n\t\t\t<dt class='gallery-icon portrait'>\n\t\t\t\t<a href='http:\/\/www.biblioteka-sp4.pl\/wp-content\/uploads\/2022\/11\/dyplom.jpg' rel=\"lightbox[12378]\"><img width=\"212\" height=\"300\" src=\"http:\/\/www.biblioteka-sp4.pl\/wp-content\/uploads\/2022\/11\/dyplom-212x300.jpg\" class=\"attachment-medium size-medium\" alt=\"\" decoding=\"async\" loading=\"lazy\" srcset=\"http:\/\/www.biblioteka-sp4.pl\/wp-content\/uploads\/2022\/11\/dyplom-212x300.jpg 212w, http:\/\/www.biblioteka-sp4.pl\/wp-content\/uploads\/2022\/11\/dyplom-768x1086.jpg 768w, http:\/\/www.biblioteka-sp4.pl\/wp-content\/uploads\/2022\/11\/dyplom-724x1024.jpg 724w, http:\/\/www.biblioteka-sp4.pl\/wp-content\/uploads\/2022\/11\/dyplom-500x707.jpg 500w\" sizes=\"(max-width: 212px) 100vw, 212px\" \/><\/a>\n\t\t\t<\/dt><\/dl><dl class='gallery-item'>\n\t\t\t<dt class='gallery-icon portrait'>\n\t\t\t\t<a href='http:\/\/www.biblioteka-sp4.pl\/wp-content\/uploads\/2022\/11\/certyfikat.jpg' rel=\"lightbox[12378]\"><img width=\"212\" height=\"300\" src=\"http:\/\/www.biblioteka-sp4.pl\/wp-content\/uploads\/2022\/11\/certyfikat-212x300.jpg\" class=\"attachment-medium size-medium\" alt=\"\" decoding=\"async\" loading=\"lazy\" srcset=\"http:\/\/www.biblioteka-sp4.pl\/wp-content\/uploads\/2022\/11\/certyfikat-212x300.jpg 212w, http:\/\/www.biblioteka-sp4.pl\/wp-content\/uploads\/2022\/11\/certyfikat-768x1086.jpg 768w, http:\/\/www.biblioteka-sp4.pl\/wp-content\/uploads\/2022\/11\/certyfikat-724x1024.jpg 724w, http:\/\/www.biblioteka-sp4.pl\/wp-content\/uploads\/2022\/11\/certyfikat-500x707.jpg 500w\" sizes=\"(max-width: 212px) 100vw, 212px\" \/><\/a>\n\t\t\t<\/dt><\/dl><br style=\"clear: both\" \/>\n\t\t<\/div>\n\n<p>Julita Zam\u0142ynna<\/p>\n","protected":false},"excerpt":{"rendered":"<p>W listopadzie przy\u0142\u0105czyli\u015bmy si\u0119 do akcji charytatywnej ,,Kolorowe kredki\u201d, kt\u00f3rej g\u0142\u00f3wnym celem jest niesienie pomocy dzieciom w \u015bwietlicach \u015brodowiskowych oraz szko\u0142ach przyszpitalnych. \u015awietlica zorganizowa\u0142a zbi\u00f3rk\u0119, podczas kt\u00f3rej uda\u0142o si\u0119 zebra\u0107 a\u017c 1276 sztuk kolorowych kredek, w tym kilka nowych opakowa\u0144! Zostan\u0105 one wys\u0142ane na adres organizatora, a nast\u0119pnie przekazane potrzebuj\u0105cym dzieciom. Serdecznie dzi\u0119kujemy wszystkim uczniom i ich rodzicom za udzia\u0142!<\/p>\n","protected":false},"author":108,"featured_media":0,"comment_status":"open","ping_status":"open","sticky":false,"template":"","format":"standard","meta":[],"categories":[18],"tags":[],"_links":{"self":[{"href":"http:\/\/www.biblioteka-sp4.pl\/index.php?rest_route=\/wp\/v2\/posts\/12378"}],"collection":[{"href":"http:\/\/www.biblioteka-sp4.pl\/index.php?rest_route=\/wp\/v2\/posts"}],"about":[{"href":"http:\/\/www.biblioteka-sp4.pl\/index.php?rest_route=\/wp\/v2\/types\/post"}],"author":[{"embeddable":true,"href":"http:\/\/www.biblioteka-sp4.pl\/index.php?rest_route=\/wp\/v2\/users\/108"}],"replies":[{"embeddable":true,"href":"http:\/\/www.biblioteka-sp4.pl\/index.php?rest_route=%2Fwp%2Fv2%2Fcomments&post=12378"}],"version-history":[{"count":5,"href":"http:\/\/www.biblioteka-sp4.pl\/index.php?rest_route=\/wp\/v2\/posts\/12378\/revisions"}],"predecessor-version":[{"id":12410,"href":"http:\/\/www.biblioteka-sp4.pl\/index.php?rest_route=\/wp\/v2\/posts\/12378\/revisions\/12410"}],"wp:attachment":[{"href":"http:\/\/www.biblioteka-sp4.pl\/index.php?rest_route=%2Fwp%2Fv2%2Fmedia&parent=12378"}],"wp:term":[{"taxonomy":"category","embeddable":true,"href":"http:\/\/www.biblioteka-sp4.pl\/index.php?rest_route=%2Fwp%2Fv2%2Fcategories&post=12378"},{"taxonomy":"post_tag","embeddable":true,"href":"http:\/\/www.biblioteka-sp4.pl\/index.php?rest_route=%2Fwp%2Fv2%2Ftags&post=12378"}],"curies":[{"name":"wp","href":"https:\/\/api.w.org\/{rel}","templated":true}]}}