{"id":12411,"date":"2022-11-22T09:30:01","date_gmt":"2022-11-22T08:30:01","guid":{"rendered":"http:\/\/www.biblioteka-sp4.pl\/?p=12411"},"modified":"2022-11-22T13:21:53","modified_gmt":"2022-11-22T12:21:53","slug":"kolorowe-kredki-w-pudeleczku-nosze-kolorowe-kredki-bardzo-lubia-mnie","status":"publish","type":"post","link":"http:\/\/www.biblioteka-sp4.pl\/?p=12411","title":{"rendered":",,Kolorowe kredki w pude\u0142eczku nosz\u0119, kolorowe kredki bardzo lubi\u0105 mnie&#8230;&#8221;"},"content":{"rendered":"<p><a href=\"http:\/\/www.biblioteka-sp4.pl\/wp-content\/uploads\/2022\/11\/20221122_092648.jpg\" rel=\"lightbox[12411]\"><img decoding=\"async\" loading=\"lazy\" class=\"size-medium wp-image-12444 alignleft\" src=\"http:\/\/www.biblioteka-sp4.pl\/wp-content\/uploads\/2022\/11\/20221122_092648-300x300.jpg\" alt=\"\" width=\"300\" height=\"300\" srcset=\"http:\/\/www.biblioteka-sp4.pl\/wp-content\/uploads\/2022\/11\/20221122_092648-300x300.jpg 300w, http:\/\/www.biblioteka-sp4.pl\/wp-content\/uploads\/2022\/11\/20221122_092648-150x150.jpg 150w, http:\/\/www.biblioteka-sp4.pl\/wp-content\/uploads\/2022\/11\/20221122_092648-768x768.jpg 768w, http:\/\/www.biblioteka-sp4.pl\/wp-content\/uploads\/2022\/11\/20221122_092648-1024x1024.jpg 1024w, http:\/\/www.biblioteka-sp4.pl\/wp-content\/uploads\/2022\/11\/20221122_092648-500x500.jpg 500w, http:\/\/www.biblioteka-sp4.pl\/wp-content\/uploads\/2022\/11\/20221122_092648-45x45.jpg 45w\" sizes=\"(max-width: 300px) 100vw, 300px\" \/><\/a>W \u015bwietlicy szkolnej obchodzili\u015bmy <em><strong>Dzie\u0144 Kredki! <\/strong><\/em><\/p>\n<p>W tym dniu uczniowie zapoznali si\u0119 z r\u00f3\u017cnymi rodzajami kredek oraz procesem ich powstawania. Odby\u0142a si\u0119 r\u00f3wnie\u017c konkurencja ,,Struganie kredki&#8221;, kt\u00f3r\u0105\u00a0 wygra\u0142 Kacper z klasy 3c (7 sekund). Nie zabrak\u0142o tak\u017ce prac plastycznych wykonanych pastelami oraz tych z wykorzystaniem strug\u00f3w z kredek. By\u0142o weso\u0142o i kolorowo!<\/p>\n<p>&nbsp;<\/p>\n<p>Julita Zam\u0142ynna<\/p>\n","protected":false},"excerpt":{"rendered":"<p>W \u015bwietlicy szkolnej obchodzili\u015bmy Dzie\u0144 Kredki! W tym dniu uczniowie zapoznali si\u0119 z r\u00f3\u017cnymi rodzajami kredek oraz procesem ich powstawania. Odby\u0142a si\u0119 r\u00f3wnie\u017c konkurencja ,,Struganie kredki&#8221;, kt\u00f3r\u0105\u00a0 wygra\u0142 Kacper z klasy 3c (7 sekund). Nie zabrak\u0142o tak\u017ce prac plastycznych wykonanych pastelami oraz tych z wykorzystaniem strug\u00f3w z kredek. By\u0142o weso\u0142o i kolorowo! &nbsp; Julita Zam\u0142ynna<\/p>\n","protected":false},"author":108,"featured_media":0,"comment_status":"open","ping_status":"open","sticky":false,"template":"","format":"standard","meta":[],"categories":[18],"tags":[],"_links":{"self":[{"href":"http:\/\/www.biblioteka-sp4.pl\/index.php?rest_route=\/wp\/v2\/posts\/12411"}],"collection":[{"href":"http:\/\/www.biblioteka-sp4.pl\/index.php?rest_route=\/wp\/v2\/posts"}],"about":[{"href":"http:\/\/www.biblioteka-sp4.pl\/index.php?rest_route=\/wp\/v2\/types\/post"}],"author":[{"embeddable":true,"href":"http:\/\/www.biblioteka-sp4.pl\/index.php?rest_route=\/wp\/v2\/users\/108"}],"replies":[{"embeddable":true,"href":"http:\/\/www.biblioteka-sp4.pl\/index.php?rest_route=%2Fwp%2Fv2%2Fcomments&post=12411"}],"version-history":[{"count":9,"href":"http:\/\/www.biblioteka-sp4.pl\/index.php?rest_route=\/wp\/v2\/posts\/12411\/revisions"}],"predecessor-version":[{"id":12464,"href":"http:\/\/www.biblioteka-sp4.pl\/index.php?rest_route=\/wp\/v2\/posts\/12411\/revisions\/12464"}],"wp:attachment":[{"href":"http:\/\/www.biblioteka-sp4.pl\/index.php?rest_route=%2Fwp%2Fv2%2Fmedia&parent=12411"}],"wp:term":[{"taxonomy":"category","embeddable":true,"href":"http:\/\/www.biblioteka-sp4.pl\/index.php?rest_route=%2Fwp%2Fv2%2Fcategories&post=12411"},{"taxonomy":"post_tag","embeddable":true,"href":"http:\/\/www.biblioteka-sp4.pl\/index.php?rest_route=%2Fwp%2Fv2%2Ftags&post=12411"}],"curies":[{"name":"wp","href":"https:\/\/api.w.org\/{rel}","templated":true}]}}