{"id":13277,"date":"2023-01-24T10:44:36","date_gmt":"2023-01-24T09:44:36","guid":{"rendered":"http:\/\/www.biblioteka-sp4.pl\/?p=13277"},"modified":"2025-06-24T15:47:05","modified_gmt":"2025-06-24T13:47:05","slug":"mistrzyni-szymborska","status":"publish","type":"post","link":"http:\/\/www.biblioteka-sp4.pl\/?p=13277","title":{"rendered":"&#8222;MISTRZYNI SZYMBORSKA&#8221; &#8211; projekt og\u00f3lnopolski"},"content":{"rendered":"<p style=\"text-align: justify;\"><img decoding=\"async\" loading=\"lazy\" class=\"aligncenter size-large wp-image-13280\" src=\"http:\/\/www.biblioteka-sp4.pl\/wp-content\/uploads\/2023\/01\/W-naszej-szkole-realizujemy-projekt-1-1-1024x724.png\" alt=\"\" width=\"560\" height=\"396\" srcset=\"http:\/\/www.biblioteka-sp4.pl\/wp-content\/uploads\/2023\/01\/W-naszej-szkole-realizujemy-projekt-1-1-1024x724.png 1024w, http:\/\/www.biblioteka-sp4.pl\/wp-content\/uploads\/2023\/01\/W-naszej-szkole-realizujemy-projekt-1-1-300x212.png 300w, http:\/\/www.biblioteka-sp4.pl\/wp-content\/uploads\/2023\/01\/W-naszej-szkole-realizujemy-projekt-1-1-768x543.png 768w, http:\/\/www.biblioteka-sp4.pl\/wp-content\/uploads\/2023\/01\/W-naszej-szkole-realizujemy-projekt-1-1-500x353.png 500w\" sizes=\"(max-width: 560px) 100vw, 560px\" \/>Z przyjemno\u015bci\u0105 informujemy, \u017ce biblioteka szkolna bierze udzia\u0142 w projekcie og\u00f3lnopolskim &#8222;Mistrzyni Szymborska&#8221;, kt\u00f3rego organizatorami s\u0105: Magda Krajewska, Agata Sie\u0144czak, Agata Karolczyk-Kozyra. Celem projektu jest upami\u0119tnienie roku Wis\u0142awy Szymborskiej poprzez prezentowanie tw\u00f3rczo\u015bci poetki oraz budzenie zainteresowania poezj\u0105 prze\u0142omu wiek\u00f3w i dziedzictwem kulturowym naszego kraju&#8230;<\/p>\n<p style=\"text-align: justify;\">Joanna Freliga<\/p>\n","protected":false},"excerpt":{"rendered":"<p>Z przyjemno\u015bci\u0105 informujemy, \u017ce biblioteka szkolna bierze udzia\u0142 w projekcie og\u00f3lnopolskim &#8222;Mistrzyni Szymborska&#8221;, kt\u00f3rego organizatorami s\u0105: Magda Krajewska, Agata Sie\u0144czak, Agata Karolczyk-Kozyra. Celem projektu jest upami\u0119tnienie roku Wis\u0142awy Szymborskiej poprzez prezentowanie tw\u00f3rczo\u015bci poetki oraz budzenie zainteresowania poezj\u0105 prze\u0142omu wiek\u00f3w i dziedzictwem kulturowym naszego kraju&#8230; Joanna Freliga<\/p>\n","protected":false},"author":269,"featured_media":0,"comment_status":"open","ping_status":"open","sticky":false,"template":"","format":"standard","meta":[],"categories":[3,30],"tags":[],"_links":{"self":[{"href":"http:\/\/www.biblioteka-sp4.pl\/index.php?rest_route=\/wp\/v2\/posts\/13277"}],"collection":[{"href":"http:\/\/www.biblioteka-sp4.pl\/index.php?rest_route=\/wp\/v2\/posts"}],"about":[{"href":"http:\/\/www.biblioteka-sp4.pl\/index.php?rest_route=\/wp\/v2\/types\/post"}],"author":[{"embeddable":true,"href":"http:\/\/www.biblioteka-sp4.pl\/index.php?rest_route=\/wp\/v2\/users\/269"}],"replies":[{"embeddable":true,"href":"http:\/\/www.biblioteka-sp4.pl\/index.php?rest_route=%2Fwp%2Fv2%2Fcomments&post=13277"}],"version-history":[{"count":7,"href":"http:\/\/www.biblioteka-sp4.pl\/index.php?rest_route=\/wp\/v2\/posts\/13277\/revisions"}],"predecessor-version":[{"id":13285,"href":"http:\/\/www.biblioteka-sp4.pl\/index.php?rest_route=\/wp\/v2\/posts\/13277\/revisions\/13285"}],"wp:attachment":[{"href":"http:\/\/www.biblioteka-sp4.pl\/index.php?rest_route=%2Fwp%2Fv2%2Fmedia&parent=13277"}],"wp:term":[{"taxonomy":"category","embeddable":true,"href":"http:\/\/www.biblioteka-sp4.pl\/index.php?rest_route=%2Fwp%2Fv2%2Fcategories&post=13277"},{"taxonomy":"post_tag","embeddable":true,"href":"http:\/\/www.biblioteka-sp4.pl\/index.php?rest_route=%2Fwp%2Fv2%2Ftags&post=13277"}],"curies":[{"name":"wp","href":"https:\/\/api.w.org\/{rel}","templated":true}]}}