{"id":15119,"date":"2023-11-23T12:00:19","date_gmt":"2023-11-23T11:00:19","guid":{"rendered":"http:\/\/www.biblioteka-sp4.pl\/?p=15119"},"modified":"2023-11-23T10:10:57","modified_gmt":"2023-11-23T09:10:57","slug":"kolorowe-kredki-w-pudeleczku-nosze","status":"publish","type":"post","link":"http:\/\/www.biblioteka-sp4.pl\/?p=15119","title":{"rendered":",,Kolorowe kredki w pude\u0142eczku nosz\u0119&#8221;"},"content":{"rendered":"<p>23 listopada obchodzili\u015bmy Dzie\u0144 Kredki. Z tej okazji uczniowie uczestniczyli w zaj\u0119ciach kreatywnych. Powsta\u0142y prace plastyczne malowane najr\u00f3\u017cniejszymi kredkami oraz te, kt\u00f3re powsta\u0142y za pomoc\u0105 ich obierek. Uczniowie z zaciekawieniem wys\u0142uchali r\u00f3wnie\u017c tego, jak powstaj\u0105 kredki \u015bwiecowe oraz dowiedzieli si\u0119, jak wygl\u0105da od \u015brodka przyk\u0142adowa fabryka, w kt\u00f3rej s\u0105 produkowane. Na koniec zaj\u0119\u0107 odby\u0142 si\u0119 konkurs na najciekawsz\u0105 prac\u0119 przestrzenn\u0105, oczywi\u015bcie z\u2026 kredek! Dzieciom nie brakowa\u0142o wyobra\u017ani i kreatywno\u015bci.<\/p>\n\n\t\t<style type=\"text\/css\">\n\t\t\t#gallery-1 {\n\t\t\t\tmargin: auto;\n\t\t\t}\n\t\t\t#gallery-1 .gallery-item {\n\t\t\t\tfloat: left;\n\t\t\t\tmargin-top: 10px;\n\t\t\t\ttext-align: center;\n\t\t\t\twidth: 50%;\n\t\t\t}\n\t\t\t#gallery-1 img {\n\t\t\t\tborder: 2px solid #cfcfcf;\n\t\t\t}\n\t\t\t#gallery-1 .gallery-caption {\n\t\t\t\tmargin-left: 0;\n\t\t\t}\n\t\t\t\/* see gallery_shortcode() in wp-includes\/media.php *\/\n\t\t<\/style>\n\t\t<div id='gallery-1' class='gallery galleryid-15119 gallery-columns-2 gallery-size-medium'><dl class='gallery-item'>\n\t\t\t<dt class='gallery-icon landscape'>\n\t\t\t\t<a href='http:\/\/www.biblioteka-sp4.pl\/wp-content\/uploads\/2023\/11\/InCollage_20231123_084725399.jpg' rel=\"lightbox[15119]\"><img width=\"300\" height=\"300\" src=\"http:\/\/www.biblioteka-sp4.pl\/wp-content\/uploads\/2023\/11\/InCollage_20231123_084725399-300x300.jpg\" class=\"attachment-medium size-medium\" alt=\"\" decoding=\"async\" loading=\"lazy\" srcset=\"http:\/\/www.biblioteka-sp4.pl\/wp-content\/uploads\/2023\/11\/InCollage_20231123_084725399-300x300.jpg 300w, http:\/\/www.biblioteka-sp4.pl\/wp-content\/uploads\/2023\/11\/InCollage_20231123_084725399-150x150.jpg 150w, http:\/\/www.biblioteka-sp4.pl\/wp-content\/uploads\/2023\/11\/InCollage_20231123_084725399-768x768.jpg 768w, http:\/\/www.biblioteka-sp4.pl\/wp-content\/uploads\/2023\/11\/InCollage_20231123_084725399-1024x1024.jpg 1024w, http:\/\/www.biblioteka-sp4.pl\/wp-content\/uploads\/2023\/11\/InCollage_20231123_084725399-500x500.jpg 500w, http:\/\/www.biblioteka-sp4.pl\/wp-content\/uploads\/2023\/11\/InCollage_20231123_084725399-45x45.jpg 45w\" sizes=\"(max-width: 300px) 100vw, 300px\" \/><\/a>\n\t\t\t<\/dt><\/dl><dl class='gallery-item'>\n\t\t\t<dt class='gallery-icon landscape'>\n\t\t\t\t<a href='http:\/\/www.biblioteka-sp4.pl\/wp-content\/uploads\/2023\/11\/InCollage_20231123_090422230.jpg' rel=\"lightbox[15119]\"><img width=\"300\" height=\"300\" src=\"http:\/\/www.biblioteka-sp4.pl\/wp-content\/uploads\/2023\/11\/InCollage_20231123_090422230-300x300.jpg\" class=\"attachment-medium size-medium\" alt=\"\" decoding=\"async\" loading=\"lazy\" srcset=\"http:\/\/www.biblioteka-sp4.pl\/wp-content\/uploads\/2023\/11\/InCollage_20231123_090422230-300x300.jpg 300w, http:\/\/www.biblioteka-sp4.pl\/wp-content\/uploads\/2023\/11\/InCollage_20231123_090422230-150x150.jpg 150w, http:\/\/www.biblioteka-sp4.pl\/wp-content\/uploads\/2023\/11\/InCollage_20231123_090422230-768x768.jpg 768w, http:\/\/www.biblioteka-sp4.pl\/wp-content\/uploads\/2023\/11\/InCollage_20231123_090422230-1024x1024.jpg 1024w, http:\/\/www.biblioteka-sp4.pl\/wp-content\/uploads\/2023\/11\/InCollage_20231123_090422230-500x500.jpg 500w, http:\/\/www.biblioteka-sp4.pl\/wp-content\/uploads\/2023\/11\/InCollage_20231123_090422230-45x45.jpg 45w\" sizes=\"(max-width: 300px) 100vw, 300px\" \/><\/a>\n\t\t\t<\/dt><\/dl><br style=\"clear: both\" \/><dl class='gallery-item'>\n\t\t\t<dt class='gallery-icon landscape'>\n\t\t\t\t<a href='http:\/\/www.biblioteka-sp4.pl\/wp-content\/uploads\/2023\/11\/InCollage_20231123_091030512.jpg' rel=\"lightbox[15119]\"><img width=\"300\" height=\"300\" src=\"http:\/\/www.biblioteka-sp4.pl\/wp-content\/uploads\/2023\/11\/InCollage_20231123_091030512-300x300.jpg\" class=\"attachment-medium size-medium\" alt=\"\" decoding=\"async\" loading=\"lazy\" srcset=\"http:\/\/www.biblioteka-sp4.pl\/wp-content\/uploads\/2023\/11\/InCollage_20231123_091030512-300x300.jpg 300w, http:\/\/www.biblioteka-sp4.pl\/wp-content\/uploads\/2023\/11\/InCollage_20231123_091030512-150x150.jpg 150w, http:\/\/www.biblioteka-sp4.pl\/wp-content\/uploads\/2023\/11\/InCollage_20231123_091030512-768x768.jpg 768w, http:\/\/www.biblioteka-sp4.pl\/wp-content\/uploads\/2023\/11\/InCollage_20231123_091030512-1024x1024.jpg 1024w, http:\/\/www.biblioteka-sp4.pl\/wp-content\/uploads\/2023\/11\/InCollage_20231123_091030512-500x500.jpg 500w, http:\/\/www.biblioteka-sp4.pl\/wp-content\/uploads\/2023\/11\/InCollage_20231123_091030512-45x45.jpg 45w\" sizes=\"(max-width: 300px) 100vw, 300px\" \/><\/a>\n\t\t\t<\/dt><\/dl><dl class='gallery-item'>\n\t\t\t<dt class='gallery-icon landscape'>\n\t\t\t\t<a href='http:\/\/www.biblioteka-sp4.pl\/wp-content\/uploads\/2023\/11\/InCollage_20231123_100407925.jpg' rel=\"lightbox[15119]\"><img width=\"300\" height=\"300\" src=\"http:\/\/www.biblioteka-sp4.pl\/wp-content\/uploads\/2023\/11\/InCollage_20231123_100407925-300x300.jpg\" class=\"attachment-medium size-medium\" alt=\"\" decoding=\"async\" loading=\"lazy\" srcset=\"http:\/\/www.biblioteka-sp4.pl\/wp-content\/uploads\/2023\/11\/InCollage_20231123_100407925-300x300.jpg 300w, http:\/\/www.biblioteka-sp4.pl\/wp-content\/uploads\/2023\/11\/InCollage_20231123_100407925-150x150.jpg 150w, http:\/\/www.biblioteka-sp4.pl\/wp-content\/uploads\/2023\/11\/InCollage_20231123_100407925-768x768.jpg 768w, http:\/\/www.biblioteka-sp4.pl\/wp-content\/uploads\/2023\/11\/InCollage_20231123_100407925-1024x1024.jpg 1024w, http:\/\/www.biblioteka-sp4.pl\/wp-content\/uploads\/2023\/11\/InCollage_20231123_100407925-500x500.jpg 500w, http:\/\/www.biblioteka-sp4.pl\/wp-content\/uploads\/2023\/11\/InCollage_20231123_100407925-45x45.jpg 45w\" sizes=\"(max-width: 300px) 100vw, 300px\" \/><\/a>\n\t\t\t<\/dt><\/dl><br style=\"clear: both\" \/>\n\t\t<\/div>\n\n<p>Julita Zam\u0142ynna<\/p>\n","protected":false},"excerpt":{"rendered":"<p>23 listopada obchodzili\u015bmy Dzie\u0144 Kredki. Z tej okazji uczniowie uczestniczyli w zaj\u0119ciach kreatywnych. Powsta\u0142y prace plastyczne malowane najr\u00f3\u017cniejszymi kredkami oraz te, kt\u00f3re powsta\u0142y za pomoc\u0105 ich obierek. Uczniowie z zaciekawieniem wys\u0142uchali r\u00f3wnie\u017c tego, jak powstaj\u0105 kredki \u015bwiecowe oraz dowiedzieli si\u0119, jak wygl\u0105da od \u015brodka przyk\u0142adowa fabryka, w kt\u00f3rej s\u0105 produkowane. Na koniec zaj\u0119\u0107 odby\u0142 si\u0119 konkurs na najciekawsz\u0105 prac\u0119 przestrzenn\u0105,<\/p>\n","protected":false},"author":108,"featured_media":0,"comment_status":"open","ping_status":"open","sticky":false,"template":"","format":"standard","meta":[],"categories":[18],"tags":[],"_links":{"self":[{"href":"http:\/\/www.biblioteka-sp4.pl\/index.php?rest_route=\/wp\/v2\/posts\/15119"}],"collection":[{"href":"http:\/\/www.biblioteka-sp4.pl\/index.php?rest_route=\/wp\/v2\/posts"}],"about":[{"href":"http:\/\/www.biblioteka-sp4.pl\/index.php?rest_route=\/wp\/v2\/types\/post"}],"author":[{"embeddable":true,"href":"http:\/\/www.biblioteka-sp4.pl\/index.php?rest_route=\/wp\/v2\/users\/108"}],"replies":[{"embeddable":true,"href":"http:\/\/www.biblioteka-sp4.pl\/index.php?rest_route=%2Fwp%2Fv2%2Fcomments&post=15119"}],"version-history":[{"count":3,"href":"http:\/\/www.biblioteka-sp4.pl\/index.php?rest_route=\/wp\/v2\/posts\/15119\/revisions"}],"predecessor-version":[{"id":15126,"href":"http:\/\/www.biblioteka-sp4.pl\/index.php?rest_route=\/wp\/v2\/posts\/15119\/revisions\/15126"}],"wp:attachment":[{"href":"http:\/\/www.biblioteka-sp4.pl\/index.php?rest_route=%2Fwp%2Fv2%2Fmedia&parent=15119"}],"wp:term":[{"taxonomy":"category","embeddable":true,"href":"http:\/\/www.biblioteka-sp4.pl\/index.php?rest_route=%2Fwp%2Fv2%2Fcategories&post=15119"},{"taxonomy":"post_tag","embeddable":true,"href":"http:\/\/www.biblioteka-sp4.pl\/index.php?rest_route=%2Fwp%2Fv2%2Ftags&post=15119"}],"curies":[{"name":"wp","href":"https:\/\/api.w.org\/{rel}","templated":true}]}}