{"id":16167,"date":"2024-06-04T11:10:33","date_gmt":"2024-06-04T09:10:33","guid":{"rendered":"http:\/\/www.biblioteka-sp4.pl\/?p=16167"},"modified":"2024-06-04T11:14:00","modified_gmt":"2024-06-04T09:14:00","slug":"aktywnie-w-dniu-dziecka","status":"publish","type":"post","link":"http:\/\/www.biblioteka-sp4.pl\/?p=16167","title":{"rendered":"Aktywnie w Dniu Dziecka"},"content":{"rendered":"<p>W \u015bwietlicy szkolnej zosta\u0142 zorganizowany Dzie\u0144 Dziecka. Uczniowie klas trzecich aktywnie sp\u0119dzili go w sali gimnastycznej, uczestnicz\u0105c w ciekawych zabawach sportowych. Niespodziank\u0105 by\u0142y domowej roboty nale\u015bniki z nadzieniem czekoladowym i truskawkowym. Uczniowie byli zachwyceni! Klasy pierwsze i drugie dzie\u0144 sp\u0119dzili na placu zabaw, korzystaj\u0105c z pi\u0119knej i s\u0142onecznej pogody. Nie zabrak\u0142o dla ka\u017cdego gar\u015bci s\u0142odyczy :) Atrakcje i niespodzianka si\u0119 uda\u0142a, a na twarzach \u015bwietliczak\u00f3w malowa\u0142 si\u0119 szeroki u\u015bmiech. Jeszcze raz &#8211; wszystkiego co najlepsze!<\/p>\n\n\t\t<style type=\"text\/css\">\n\t\t\t#gallery-1 {\n\t\t\t\tmargin: auto;\n\t\t\t}\n\t\t\t#gallery-1 .gallery-item {\n\t\t\t\tfloat: left;\n\t\t\t\tmargin-top: 10px;\n\t\t\t\ttext-align: center;\n\t\t\t\twidth: 50%;\n\t\t\t}\n\t\t\t#gallery-1 img {\n\t\t\t\tborder: 2px solid #cfcfcf;\n\t\t\t}\n\t\t\t#gallery-1 .gallery-caption {\n\t\t\t\tmargin-left: 0;\n\t\t\t}\n\t\t\t\/* see gallery_shortcode() in wp-includes\/media.php *\/\n\t\t<\/style>\n\t\t<div id='gallery-1' class='gallery galleryid-16167 gallery-columns-2 gallery-size-medium'><dl class='gallery-item'>\n\t\t\t<dt class='gallery-icon landscape'>\n\t\t\t\t<a href='http:\/\/www.biblioteka-sp4.pl\/wp-content\/uploads\/2024\/06\/20240604_035547.jpg' rel=\"lightbox[16167]\"><img width=\"300\" height=\"300\" src=\"http:\/\/www.biblioteka-sp4.pl\/wp-content\/uploads\/2024\/06\/20240604_035547-300x300.jpg\" class=\"attachment-medium size-medium\" alt=\"\" decoding=\"async\" loading=\"lazy\" srcset=\"http:\/\/www.biblioteka-sp4.pl\/wp-content\/uploads\/2024\/06\/20240604_035547-300x300.jpg 300w, http:\/\/www.biblioteka-sp4.pl\/wp-content\/uploads\/2024\/06\/20240604_035547-150x150.jpg 150w, http:\/\/www.biblioteka-sp4.pl\/wp-content\/uploads\/2024\/06\/20240604_035547-768x768.jpg 768w, http:\/\/www.biblioteka-sp4.pl\/wp-content\/uploads\/2024\/06\/20240604_035547-1024x1024.jpg 1024w, http:\/\/www.biblioteka-sp4.pl\/wp-content\/uploads\/2024\/06\/20240604_035547-500x500.jpg 500w, http:\/\/www.biblioteka-sp4.pl\/wp-content\/uploads\/2024\/06\/20240604_035547-45x45.jpg 45w\" sizes=\"(max-width: 300px) 100vw, 300px\" \/><\/a>\n\t\t\t<\/dt><\/dl><dl class='gallery-item'>\n\t\t\t<dt class='gallery-icon landscape'>\n\t\t\t\t<a href='http:\/\/www.biblioteka-sp4.pl\/wp-content\/uploads\/2024\/06\/20240604_111157.jpg' rel=\"lightbox[16167]\"><img width=\"300\" height=\"300\" src=\"http:\/\/www.biblioteka-sp4.pl\/wp-content\/uploads\/2024\/06\/20240604_111157-300x300.jpg\" class=\"attachment-medium size-medium\" alt=\"\" decoding=\"async\" loading=\"lazy\" srcset=\"http:\/\/www.biblioteka-sp4.pl\/wp-content\/uploads\/2024\/06\/20240604_111157-300x300.jpg 300w, http:\/\/www.biblioteka-sp4.pl\/wp-content\/uploads\/2024\/06\/20240604_111157-150x150.jpg 150w, http:\/\/www.biblioteka-sp4.pl\/wp-content\/uploads\/2024\/06\/20240604_111157-768x768.jpg 768w, http:\/\/www.biblioteka-sp4.pl\/wp-content\/uploads\/2024\/06\/20240604_111157-1024x1024.jpg 1024w, http:\/\/www.biblioteka-sp4.pl\/wp-content\/uploads\/2024\/06\/20240604_111157-500x500.jpg 500w, http:\/\/www.biblioteka-sp4.pl\/wp-content\/uploads\/2024\/06\/20240604_111157-45x45.jpg 45w\" sizes=\"(max-width: 300px) 100vw, 300px\" \/><\/a>\n\t\t\t<\/dt><\/dl><br style=\"clear: both\" \/>\n\t\t<\/div>\n\n<p>Julita Zam\u0142ynna<\/p>\n","protected":false},"excerpt":{"rendered":"<p>W \u015bwietlicy szkolnej zosta\u0142 zorganizowany Dzie\u0144 Dziecka. Uczniowie klas trzecich aktywnie sp\u0119dzili go w sali gimnastycznej, uczestnicz\u0105c w ciekawych zabawach sportowych. Niespodziank\u0105 by\u0142y domowej roboty nale\u015bniki z nadzieniem czekoladowym i truskawkowym. Uczniowie byli zachwyceni! Klasy pierwsze i drugie dzie\u0144 sp\u0119dzili na placu zabaw, korzystaj\u0105c z pi\u0119knej i s\u0142onecznej pogody. Nie zabrak\u0142o dla ka\u017cdego gar\u015bci s\u0142odyczy :) Atrakcje i niespodzianka si\u0119<\/p>\n","protected":false},"author":108,"featured_media":0,"comment_status":"open","ping_status":"open","sticky":false,"template":"","format":"standard","meta":[],"categories":[18],"tags":[],"_links":{"self":[{"href":"http:\/\/www.biblioteka-sp4.pl\/index.php?rest_route=\/wp\/v2\/posts\/16167"}],"collection":[{"href":"http:\/\/www.biblioteka-sp4.pl\/index.php?rest_route=\/wp\/v2\/posts"}],"about":[{"href":"http:\/\/www.biblioteka-sp4.pl\/index.php?rest_route=\/wp\/v2\/types\/post"}],"author":[{"embeddable":true,"href":"http:\/\/www.biblioteka-sp4.pl\/index.php?rest_route=\/wp\/v2\/users\/108"}],"replies":[{"embeddable":true,"href":"http:\/\/www.biblioteka-sp4.pl\/index.php?rest_route=%2Fwp%2Fv2%2Fcomments&post=16167"}],"version-history":[{"count":2,"href":"http:\/\/www.biblioteka-sp4.pl\/index.php?rest_route=\/wp\/v2\/posts\/16167\/revisions"}],"predecessor-version":[{"id":16172,"href":"http:\/\/www.biblioteka-sp4.pl\/index.php?rest_route=\/wp\/v2\/posts\/16167\/revisions\/16172"}],"wp:attachment":[{"href":"http:\/\/www.biblioteka-sp4.pl\/index.php?rest_route=%2Fwp%2Fv2%2Fmedia&parent=16167"}],"wp:term":[{"taxonomy":"category","embeddable":true,"href":"http:\/\/www.biblioteka-sp4.pl\/index.php?rest_route=%2Fwp%2Fv2%2Fcategories&post=16167"},{"taxonomy":"post_tag","embeddable":true,"href":"http:\/\/www.biblioteka-sp4.pl\/index.php?rest_route=%2Fwp%2Fv2%2Ftags&post=16167"}],"curies":[{"name":"wp","href":"https:\/\/api.w.org\/{rel}","templated":true}]}}