{"id":7181,"date":"2021-03-19T14:15:43","date_gmt":"2021-03-19T13:15:43","guid":{"rendered":"http:\/\/www.biblioteka-sp4.pl\/?p=7181"},"modified":"2021-03-19T14:19:49","modified_gmt":"2021-03-19T13:19:49","slug":"dzien-szczescia","status":"publish","type":"post","link":"http:\/\/www.biblioteka-sp4.pl\/?p=7181","title":{"rendered":"Dzie\u0144 Szcz\u0119\u015bcia"},"content":{"rendered":"<p><span style=\"letter-spacing: 0.05em;\"><img decoding=\"async\" loading=\"lazy\" class=\"alignnone size-medium wp-image-7182\" src=\"http:\/\/www.biblioteka-sp4.pl\/wp-content\/uploads\/2021\/03\/20210319_135122-300x138.jpg\" alt=\"\" width=\"300\" height=\"138\" srcset=\"http:\/\/www.biblioteka-sp4.pl\/wp-content\/uploads\/2021\/03\/20210319_135122-300x138.jpg 300w, http:\/\/www.biblioteka-sp4.pl\/wp-content\/uploads\/2021\/03\/20210319_135122-768x354.jpg 768w, http:\/\/www.biblioteka-sp4.pl\/wp-content\/uploads\/2021\/03\/20210319_135122-1024x472.jpg 1024w, http:\/\/www.biblioteka-sp4.pl\/wp-content\/uploads\/2021\/03\/20210319_135122-500x231.jpg 500w\" sizes=\"(max-width: 300px) 100vw, 300px\" \/><\/span><\/p>\n<p><span style=\"letter-spacing: 0.05em;\">20 marca obchodzimy Mi\u0119dzynarodowy Dzie\u0144 Szcz\u0119\u015bcia. Z tej okazji w \u015bwietlicy szkolnej rozmawiali\u015bmy na temat tego czym jest szcz\u0119\u015bcie dla ka\u017cdego z nas. Do najcz\u0119stszych odpowiedzi nale\u017ca\u0142a rodzina, przyjaciele oraz spe\u0142nione marzenia. Rozmawiali\u015bmy r\u00f3wnie\u017c o tym jak mo\u017cemy uszcz\u0119\u015bliwi\u0107 innych oraz wykonali\u015bmy prace plastyczne ukazuj\u0105ce nasze szcz\u0119\u015bliwe chwile.\u00a0<\/span><\/p>\n<p>Julita Zam\u0142ynna<\/p>\n","protected":false},"excerpt":{"rendered":"<p>20 marca obchodzimy Mi\u0119dzynarodowy Dzie\u0144 Szcz\u0119\u015bcia. Z tej okazji w \u015bwietlicy szkolnej rozmawiali\u015bmy na temat tego czym jest szcz\u0119\u015bcie dla ka\u017cdego z nas. Do najcz\u0119stszych odpowiedzi nale\u017ca\u0142a rodzina, przyjaciele oraz spe\u0142nione marzenia. Rozmawiali\u015bmy r\u00f3wnie\u017c o tym jak mo\u017cemy uszcz\u0119\u015bliwi\u0107 innych oraz wykonali\u015bmy prace plastyczne ukazuj\u0105ce nasze szcz\u0119\u015bliwe chwile.\u00a0 Julita Zam\u0142ynna<\/p>\n","protected":false},"author":108,"featured_media":0,"comment_status":"open","ping_status":"open","sticky":false,"template":"","format":"standard","meta":[],"categories":[18],"tags":[],"_links":{"self":[{"href":"http:\/\/www.biblioteka-sp4.pl\/index.php?rest_route=\/wp\/v2\/posts\/7181"}],"collection":[{"href":"http:\/\/www.biblioteka-sp4.pl\/index.php?rest_route=\/wp\/v2\/posts"}],"about":[{"href":"http:\/\/www.biblioteka-sp4.pl\/index.php?rest_route=\/wp\/v2\/types\/post"}],"author":[{"embeddable":true,"href":"http:\/\/www.biblioteka-sp4.pl\/index.php?rest_route=\/wp\/v2\/users\/108"}],"replies":[{"embeddable":true,"href":"http:\/\/www.biblioteka-sp4.pl\/index.php?rest_route=%2Fwp%2Fv2%2Fcomments&post=7181"}],"version-history":[{"count":10,"href":"http:\/\/www.biblioteka-sp4.pl\/index.php?rest_route=\/wp\/v2\/posts\/7181\/revisions"}],"predecessor-version":[{"id":7192,"href":"http:\/\/www.biblioteka-sp4.pl\/index.php?rest_route=\/wp\/v2\/posts\/7181\/revisions\/7192"}],"wp:attachment":[{"href":"http:\/\/www.biblioteka-sp4.pl\/index.php?rest_route=%2Fwp%2Fv2%2Fmedia&parent=7181"}],"wp:term":[{"taxonomy":"category","embeddable":true,"href":"http:\/\/www.biblioteka-sp4.pl\/index.php?rest_route=%2Fwp%2Fv2%2Fcategories&post=7181"},{"taxonomy":"post_tag","embeddable":true,"href":"http:\/\/www.biblioteka-sp4.pl\/index.php?rest_route=%2Fwp%2Fv2%2Ftags&post=7181"}],"curies":[{"name":"wp","href":"https:\/\/api.w.org\/{rel}","templated":true}]}}