{"id":7451,"date":"2021-05-21T08:58:23","date_gmt":"2021-05-21T06:58:23","guid":{"rendered":"http:\/\/www.biblioteka-sp4.pl\/?p=7451"},"modified":"2025-06-24T15:50:21","modified_gmt":"2025-06-24T13:50:21","slug":"ii-miedzynarodowa-edycja-vi-ogolnopolskiej-akcji-przerwa-na-czytanie","status":"publish","type":"post","link":"http:\/\/www.biblioteka-sp4.pl\/?p=7451","title":{"rendered":"II Mi\u0119dzynarodowa edycja VI Og\u00f3lnopolskiej akcji &#8222;Przerwa na czytanie&#8221;"},"content":{"rendered":"<div class=\"kvgmc6g5 cxmmr5t8 oygrvhab hcukyx3x c1et5uql ii04i59q\">\n<h4 dir=\"auto\" style=\"text-align: justify;\">Z przyjemno\u015bci\u0105 informujemy, \u017ce nasza szko\u0142a po raz czwarty we\u017amie udzia\u0142 w II Mi\u0119dzynarodowej edycji VI Og\u00f3lnopolskiej akcji &#8222;Przerwa na czytanie &#8211; bicie rekordu w czytaniu na przerwie&#8221;. Akcja realizowana jest w ramach Mi\u0119dzynarodowego Miesi\u0105ca Bibliotek Szkolnych oraz kampanii spo\u0142ecznej &#8222;Ca\u0142a Polska czyta dzieciom&#8221;.\u00a0<span style=\"letter-spacing: 0.05em;\">W jednym wybranym przez siebie dniu mi\u0119dzy 1-31 pa\u017adziernika 2021 r. zorganizujemy &#8222;Przerw\u0119 na czytanie&#8221;.<\/span><\/h4>\n<h4 dir=\"auto\" style=\"text-align: justify;\"><span style=\"letter-spacing: 0.05em;\">Ju\u017c teraz, serdecznie zapraszamy do bicia rekordu!<\/span><\/h4>\n<\/div>\n<div class=\"o9v6fnle cxmmr5t8 oygrvhab hcukyx3x c1et5uql ii04i59q\">\n<h4 dir=\"auto\" style=\"text-align: justify;\">Zesz\u0142oroczny rekord wyni\u00f3s\u0142 w 2020 r. 149 851\u00a0os\u00f3b czytaj\u0105cych na przerwie.<\/h4>\n<\/div>\n","protected":false},"excerpt":{"rendered":"<p>Z przyjemno\u015bci\u0105 informujemy, \u017ce nasza szko\u0142a po raz czwarty we\u017amie udzia\u0142 w II Mi\u0119dzynarodowej edycji VI Og\u00f3lnopolskiej akcji &#8222;Przerwa na czytanie &#8211; bicie rekordu w czytaniu na przerwie&#8221;. Akcja realizowana jest w ramach Mi\u0119dzynarodowego Miesi\u0105ca Bibliotek Szkolnych oraz kampanii spo\u0142ecznej &#8222;Ca\u0142a Polska czyta dzieciom&#8221;.\u00a0W jednym wybranym przez siebie dniu mi\u0119dzy 1-31 pa\u017adziernika 2021 r. zorganizujemy &#8222;Przerw\u0119 na czytanie&#8221;. Ju\u017c teraz,<\/p>\n","protected":false},"author":269,"featured_media":0,"comment_status":"open","ping_status":"open","sticky":false,"template":"","format":"standard","meta":[],"categories":[16,3],"tags":[],"_links":{"self":[{"href":"http:\/\/www.biblioteka-sp4.pl\/index.php?rest_route=\/wp\/v2\/posts\/7451"}],"collection":[{"href":"http:\/\/www.biblioteka-sp4.pl\/index.php?rest_route=\/wp\/v2\/posts"}],"about":[{"href":"http:\/\/www.biblioteka-sp4.pl\/index.php?rest_route=\/wp\/v2\/types\/post"}],"author":[{"embeddable":true,"href":"http:\/\/www.biblioteka-sp4.pl\/index.php?rest_route=\/wp\/v2\/users\/269"}],"replies":[{"embeddable":true,"href":"http:\/\/www.biblioteka-sp4.pl\/index.php?rest_route=%2Fwp%2Fv2%2Fcomments&post=7451"}],"version-history":[{"count":2,"href":"http:\/\/www.biblioteka-sp4.pl\/index.php?rest_route=\/wp\/v2\/posts\/7451\/revisions"}],"predecessor-version":[{"id":7453,"href":"http:\/\/www.biblioteka-sp4.pl\/index.php?rest_route=\/wp\/v2\/posts\/7451\/revisions\/7453"}],"wp:attachment":[{"href":"http:\/\/www.biblioteka-sp4.pl\/index.php?rest_route=%2Fwp%2Fv2%2Fmedia&parent=7451"}],"wp:term":[{"taxonomy":"category","embeddable":true,"href":"http:\/\/www.biblioteka-sp4.pl\/index.php?rest_route=%2Fwp%2Fv2%2Fcategories&post=7451"},{"taxonomy":"post_tag","embeddable":true,"href":"http:\/\/www.biblioteka-sp4.pl\/index.php?rest_route=%2Fwp%2Fv2%2Ftags&post=7451"}],"curies":[{"name":"wp","href":"https:\/\/api.w.org\/{rel}","templated":true}]}}